{"id":2984,"date":"2021-04-01T17:24:32","date_gmt":"2021-04-01T15:24:32","guid":{"rendered":"https:\/\/art-of-presence.ch\/fr\/?p=2984"},"modified":"2021-04-01T17:24:36","modified_gmt":"2021-04-01T15:24:36","slug":"au-coeur-du-printemps","status":"publish","type":"post","link":"https:\/\/art-of-presence.ch\/fr\/au-coeur-du-printemps\/","title":{"rendered":"Au coeur du printemps"},"content":{"rendered":"\n<p>Au coeur du printemps&#8230; J&rsquo;ai la joie d&rsquo;habiter en campagne, juste \u00e0 c\u00f4t\u00e9 du Rh\u00f4ne et en bordure de for\u00eat, ce qui m&rsquo;\u00e9blouit tous les jours!<\/p>\n\n\n\n<p>Ce midi, je suis sortie me promener pour piqueniquer et du coup j&rsquo;ai travers\u00e9 une partie de la for\u00eat \u00e0 pied. Me laissant transporter par le chant de centaines d&rsquo;oiseaux, par les contre-jours des noisetiers en fleurs&#8230; Cette vision m&rsquo;est vraiment all\u00e9e droit au coeur et m&rsquo;a aid\u00e9 \u00e0 laisser partir des sentiments plus lourds que je pouvais ressentir \u00e0 ce moment-l\u00e0. <\/p>\n\n\n\n<p>Comme c&rsquo;est beau de se laisser ainsi bercer par la nature, comme c&rsquo;est beau d&rsquo;entrer en relation avec Elle&#8230; Elle a vraiment tout ce qu&rsquo;il nous faut pour nourrir notre \u00e2me, pour nous aider \u00e0 grandir, \u00e0 changer, \u00e0 \u00e9voluer&#8230; Et quand vous souhaitez partir dans la nature, vous pouvez fermer les yeux et demander \u00e0 votre for int\u00e9rieur: o\u00f9 est-ce, que vous souhaiteriez vous laisser bercer par la nature? <\/p>\n\n\n\n<p>Quel endroit a, \u00e0 ce moment-l\u00e0, la r\u00e9sonance juste pour vous aider \u00e0 vivre plus sereinement le passage au coeur duquel vous vous trouvez? <\/p>\n\n\n\n<p>Et vous, comment vivez-vous la Nature? &#8230;en lien \u00e0 votre nature int\u00e9rieure? <\/p>\n\n\n\n<p>En vous souhaitant une merveilleuse journ\u00e9e de p\u00e9tillements et de joie!<\/p>\n\n\n\n<!--more https:\/\/www.facebook.com\/joellestoudmann-->\n","protected":false},"excerpt":{"rendered":"<p>Au coeur du printemps&#8230; J&rsquo;ai la joie d&rsquo;habiter en campagne, juste \u00e0 c\u00f4t\u00e9 du Rh\u00f4ne et en bordure de for\u00eat, ce qui m&rsquo;\u00e9blouit tous les jours! Ce midi, je suis sortie me promener pour piqueniquer et du coup j&rsquo;ai travers\u00e9 une partie de la for\u00eat \u00e0 pied. Me laissant transporter par le chant de centaines [&hellip;]<\/p>\n","protected":false},"author":4,"featured_media":2983,"comment_status":"open","ping_status":"open","sticky":false,"template":"","format":"standard","meta":{"_et_pb_use_builder":"","_et_pb_old_content":"","_et_gb_content_width":"","footnotes":""},"categories":[7],"tags":[],"class_list":["post-2984","post","type-post","status-publish","format-standard","has-post-thumbnail","hentry","category-actualites"],"yoast_head":"<!-- This site is optimized with the Yoast SEO plugin v27.4 - https:\/\/yoast.com\/product\/yoast-seo-wordpress\/ -->\n<title>Au coeur du printemps - Art of Presence<\/title>\n<meta name=\"robots\" content=\"index, follow, max-snippet:-1, max-image-preview:large, max-video-preview:-1\" \/>\n<link rel=\"canonical\" href=\"https:\/\/art-of-presence.ch\/fr\/au-coeur-du-printemps\/\" \/>\n<meta property=\"og:locale\" content=\"fr_FR\" \/>\n<meta property=\"og:type\" content=\"article\" \/>\n<meta property=\"og:title\" content=\"Au coeur du printemps - Art of Presence\" \/>\n<meta property=\"og:description\" content=\"Au coeur du printemps&#8230; J&rsquo;ai la joie d&rsquo;habiter en campagne, juste \u00e0 c\u00f4t\u00e9 du Rh\u00f4ne et en bordure de for\u00eat, ce qui m&rsquo;\u00e9blouit tous les jours! Ce midi, je suis sortie me promener pour piqueniquer et du coup j&rsquo;ai travers\u00e9 une partie de la for\u00eat \u00e0 pied. Me laissant transporter par le chant de centaines [&hellip;]\" \/>\n<meta property=\"og:url\" content=\"https:\/\/art-of-presence.ch\/fr\/au-coeur-du-printemps\/\" \/>\n<meta property=\"og:site_name\" content=\"Art of Presence\" \/>\n<meta property=\"article:published_time\" content=\"2021-04-01T15:24:32+00:00\" \/>\n<meta property=\"article:modified_time\" content=\"2021-04-01T15:24:36+00:00\" \/>\n<meta property=\"og:image\" content=\"https:\/\/art-of-presence.ch\/fr\/wp-content\/uploads\/2017\/02\/DSCN5371_copyight-scaled.jpg\" \/>\n\t<meta property=\"og:image:width\" content=\"2560\" \/>\n\t<meta property=\"og:image:height\" content=\"1920\" \/>\n\t<meta property=\"og:image:type\" content=\"image\/jpeg\" \/>\n<meta name=\"author\" content=\"Joelle Stoudmann\" \/>\n<meta name=\"twitter:card\" content=\"summary_large_image\" \/>\n<meta name=\"twitter:label1\" content=\"\u00c9crit par\" \/>\n\t<meta name=\"twitter:data1\" content=\"Joelle Stoudmann\" \/>\n\t<meta name=\"twitter:label2\" content=\"Dur\u00e9e de lecture estim\u00e9e\" \/>\n\t<meta name=\"twitter:data2\" content=\"1 minute\" \/>\n<script type=\"application\/ld+json\" class=\"yoast-schema-graph\">{\"@context\":\"https:\\\/\\\/schema.org\",\"@graph\":[{\"@type\":\"Article\",\"@id\":\"https:\\\/\\\/art-of-presence.ch\\\/fr\\\/au-coeur-du-printemps\\\/#article\",\"isPartOf\":{\"@id\":\"https:\\\/\\\/art-of-presence.ch\\\/fr\\\/au-coeur-du-printemps\\\/\"},\"author\":{\"name\":\"Joelle Stoudmann\",\"@id\":\"https:\\\/\\\/art-of-presence.ch\\\/fr\\\/#\\\/schema\\\/person\\\/a681e027537407f81697e0b18b4640de\"},\"headline\":\"Au coeur du printemps\",\"datePublished\":\"2021-04-01T15:24:32+00:00\",\"dateModified\":\"2021-04-01T15:24:36+00:00\",\"mainEntityOfPage\":{\"@id\":\"https:\\\/\\\/art-of-presence.ch\\\/fr\\\/au-coeur-du-printemps\\\/\"},\"wordCount\":209,\"commentCount\":0,\"image\":{\"@id\":\"https:\\\/\\\/art-of-presence.ch\\\/fr\\\/au-coeur-du-printemps\\\/#primaryimage\"},\"thumbnailUrl\":\"https:\\\/\\\/art-of-presence.ch\\\/fr\\\/wp-content\\\/uploads\\\/2017\\\/02\\\/DSCN5371_copyight-scaled.jpg\",\"articleSection\":[\"Actualit\u00e9s\"],\"inLanguage\":\"fr-FR\",\"potentialAction\":[{\"@type\":\"CommentAction\",\"name\":\"Comment\",\"target\":[\"https:\\\/\\\/art-of-presence.ch\\\/fr\\\/au-coeur-du-printemps\\\/#respond\"]}]},{\"@type\":\"WebPage\",\"@id\":\"https:\\\/\\\/art-of-presence.ch\\\/fr\\\/au-coeur-du-printemps\\\/\",\"url\":\"https:\\\/\\\/art-of-presence.ch\\\/fr\\\/au-coeur-du-printemps\\\/\",\"name\":\"Au coeur du printemps - Art of Presence\",\"isPartOf\":{\"@id\":\"https:\\\/\\\/art-of-presence.ch\\\/fr\\\/#website\"},\"primaryImageOfPage\":{\"@id\":\"https:\\\/\\\/art-of-presence.ch\\\/fr\\\/au-coeur-du-printemps\\\/#primaryimage\"},\"image\":{\"@id\":\"https:\\\/\\\/art-of-presence.ch\\\/fr\\\/au-coeur-du-printemps\\\/#primaryimage\"},\"thumbnailUrl\":\"https:\\\/\\\/art-of-presence.ch\\\/fr\\\/wp-content\\\/uploads\\\/2017\\\/02\\\/DSCN5371_copyight-scaled.jpg\",\"datePublished\":\"2021-04-01T15:24:32+00:00\",\"dateModified\":\"2021-04-01T15:24:36+00:00\",\"author\":{\"@id\":\"https:\\\/\\\/art-of-presence.ch\\\/fr\\\/#\\\/schema\\\/person\\\/a681e027537407f81697e0b18b4640de\"},\"breadcrumb\":{\"@id\":\"https:\\\/\\\/art-of-presence.ch\\\/fr\\\/au-coeur-du-printemps\\\/#breadcrumb\"},\"inLanguage\":\"fr-FR\",\"potentialAction\":[{\"@type\":\"ReadAction\",\"target\":[\"https:\\\/\\\/art-of-presence.ch\\\/fr\\\/au-coeur-du-printemps\\\/\"]}]},{\"@type\":\"ImageObject\",\"inLanguage\":\"fr-FR\",\"@id\":\"https:\\\/\\\/art-of-presence.ch\\\/fr\\\/au-coeur-du-printemps\\\/#primaryimage\",\"url\":\"https:\\\/\\\/art-of-presence.ch\\\/fr\\\/wp-content\\\/uploads\\\/2017\\\/02\\\/DSCN5371_copyight-scaled.jpg\",\"contentUrl\":\"https:\\\/\\\/art-of-presence.ch\\\/fr\\\/wp-content\\\/uploads\\\/2017\\\/02\\\/DSCN5371_copyight-scaled.jpg\",\"width\":2560,\"height\":1920},{\"@type\":\"BreadcrumbList\",\"@id\":\"https:\\\/\\\/art-of-presence.ch\\\/fr\\\/au-coeur-du-printemps\\\/#breadcrumb\",\"itemListElement\":[{\"@type\":\"ListItem\",\"position\":1,\"name\":\"Accueil\",\"item\":\"https:\\\/\\\/art-of-presence.ch\\\/fr\\\/\"},{\"@type\":\"ListItem\",\"position\":2,\"name\":\"Au coeur du printemps\"}]},{\"@type\":\"WebSite\",\"@id\":\"https:\\\/\\\/art-of-presence.ch\\\/fr\\\/#website\",\"url\":\"https:\\\/\\\/art-of-presence.ch\\\/fr\\\/\",\"name\":\"Art of Presence\",\"description\":\"Un chemin vers Soi\",\"potentialAction\":[{\"@type\":\"SearchAction\",\"target\":{\"@type\":\"EntryPoint\",\"urlTemplate\":\"https:\\\/\\\/art-of-presence.ch\\\/fr\\\/?s={search_term_string}\"},\"query-input\":{\"@type\":\"PropertyValueSpecification\",\"valueRequired\":true,\"valueName\":\"search_term_string\"}}],\"inLanguage\":\"fr-FR\"},{\"@type\":\"Person\",\"@id\":\"https:\\\/\\\/art-of-presence.ch\\\/fr\\\/#\\\/schema\\\/person\\\/a681e027537407f81697e0b18b4640de\",\"name\":\"Joelle Stoudmann\",\"image\":{\"@type\":\"ImageObject\",\"inLanguage\":\"fr-FR\",\"@id\":\"https:\\\/\\\/secure.gravatar.com\\\/avatar\\\/35f3a94d3de7fc53062e7f7cce38f1a07ce5287935f99003ab68b7a80f1568c3?s=96&d=mm&r=g\",\"url\":\"https:\\\/\\\/secure.gravatar.com\\\/avatar\\\/35f3a94d3de7fc53062e7f7cce38f1a07ce5287935f99003ab68b7a80f1568c3?s=96&d=mm&r=g\",\"contentUrl\":\"https:\\\/\\\/secure.gravatar.com\\\/avatar\\\/35f3a94d3de7fc53062e7f7cce38f1a07ce5287935f99003ab68b7a80f1568c3?s=96&d=mm&r=g\",\"caption\":\"Joelle Stoudmann\"},\"sameAs\":[\"https:\\\/\\\/art-of-presence.ch\\\/\"],\"url\":\"https:\\\/\\\/art-of-presence.ch\\\/fr\\\/author\\\/joelle_fr3\\\/\"}]}<\/script>\n<!-- \/ Yoast SEO plugin. -->","yoast_head_json":{"title":"Au coeur du printemps - Art of Presence","robots":{"index":"index","follow":"follow","max-snippet":"max-snippet:-1","max-image-preview":"max-image-preview:large","max-video-preview":"max-video-preview:-1"},"canonical":"https:\/\/art-of-presence.ch\/fr\/au-coeur-du-printemps\/","og_locale":"fr_FR","og_type":"article","og_title":"Au coeur du printemps - Art of Presence","og_description":"Au coeur du printemps&#8230; J&rsquo;ai la joie d&rsquo;habiter en campagne, juste \u00e0 c\u00f4t\u00e9 du Rh\u00f4ne et en bordure de for\u00eat, ce qui m&rsquo;\u00e9blouit tous les jours! Ce midi, je suis sortie me promener pour piqueniquer et du coup j&rsquo;ai travers\u00e9 une partie de la for\u00eat \u00e0 pied. Me laissant transporter par le chant de centaines [&hellip;]","og_url":"https:\/\/art-of-presence.ch\/fr\/au-coeur-du-printemps\/","og_site_name":"Art of Presence","article_published_time":"2021-04-01T15:24:32+00:00","article_modified_time":"2021-04-01T15:24:36+00:00","og_image":[{"width":2560,"height":1920,"url":"https:\/\/art-of-presence.ch\/fr\/wp-content\/uploads\/2017\/02\/DSCN5371_copyight-scaled.jpg","type":"image\/jpeg"}],"author":"Joelle Stoudmann","twitter_card":"summary_large_image","twitter_misc":{"\u00c9crit par":"Joelle Stoudmann","Dur\u00e9e de lecture estim\u00e9e":"1 minute"},"schema":{"@context":"https:\/\/schema.org","@graph":[{"@type":"Article","@id":"https:\/\/art-of-presence.ch\/fr\/au-coeur-du-printemps\/#article","isPartOf":{"@id":"https:\/\/art-of-presence.ch\/fr\/au-coeur-du-printemps\/"},"author":{"name":"Joelle Stoudmann","@id":"https:\/\/art-of-presence.ch\/fr\/#\/schema\/person\/a681e027537407f81697e0b18b4640de"},"headline":"Au coeur du printemps","datePublished":"2021-04-01T15:24:32+00:00","dateModified":"2021-04-01T15:24:36+00:00","mainEntityOfPage":{"@id":"https:\/\/art-of-presence.ch\/fr\/au-coeur-du-printemps\/"},"wordCount":209,"commentCount":0,"image":{"@id":"https:\/\/art-of-presence.ch\/fr\/au-coeur-du-printemps\/#primaryimage"},"thumbnailUrl":"https:\/\/art-of-presence.ch\/fr\/wp-content\/uploads\/2017\/02\/DSCN5371_copyight-scaled.jpg","articleSection":["Actualit\u00e9s"],"inLanguage":"fr-FR","potentialAction":[{"@type":"CommentAction","name":"Comment","target":["https:\/\/art-of-presence.ch\/fr\/au-coeur-du-printemps\/#respond"]}]},{"@type":"WebPage","@id":"https:\/\/art-of-presence.ch\/fr\/au-coeur-du-printemps\/","url":"https:\/\/art-of-presence.ch\/fr\/au-coeur-du-printemps\/","name":"Au coeur du printemps - Art of Presence","isPartOf":{"@id":"https:\/\/art-of-presence.ch\/fr\/#website"},"primaryImageOfPage":{"@id":"https:\/\/art-of-presence.ch\/fr\/au-coeur-du-printemps\/#primaryimage"},"image":{"@id":"https:\/\/art-of-presence.ch\/fr\/au-coeur-du-printemps\/#primaryimage"},"thumbnailUrl":"https:\/\/art-of-presence.ch\/fr\/wp-content\/uploads\/2017\/02\/DSCN5371_copyight-scaled.jpg","datePublished":"2021-04-01T15:24:32+00:00","dateModified":"2021-04-01T15:24:36+00:00","author":{"@id":"https:\/\/art-of-presence.ch\/fr\/#\/schema\/person\/a681e027537407f81697e0b18b4640de"},"breadcrumb":{"@id":"https:\/\/art-of-presence.ch\/fr\/au-coeur-du-printemps\/#breadcrumb"},"inLanguage":"fr-FR","potentialAction":[{"@type":"ReadAction","target":["https:\/\/art-of-presence.ch\/fr\/au-coeur-du-printemps\/"]}]},{"@type":"ImageObject","inLanguage":"fr-FR","@id":"https:\/\/art-of-presence.ch\/fr\/au-coeur-du-printemps\/#primaryimage","url":"https:\/\/art-of-presence.ch\/fr\/wp-content\/uploads\/2017\/02\/DSCN5371_copyight-scaled.jpg","contentUrl":"https:\/\/art-of-presence.ch\/fr\/wp-content\/uploads\/2017\/02\/DSCN5371_copyight-scaled.jpg","width":2560,"height":1920},{"@type":"BreadcrumbList","@id":"https:\/\/art-of-presence.ch\/fr\/au-coeur-du-printemps\/#breadcrumb","itemListElement":[{"@type":"ListItem","position":1,"name":"Accueil","item":"https:\/\/art-of-presence.ch\/fr\/"},{"@type":"ListItem","position":2,"name":"Au coeur du printemps"}]},{"@type":"WebSite","@id":"https:\/\/art-of-presence.ch\/fr\/#website","url":"https:\/\/art-of-presence.ch\/fr\/","name":"Art of Presence","description":"Un chemin vers Soi","potentialAction":[{"@type":"SearchAction","target":{"@type":"EntryPoint","urlTemplate":"https:\/\/art-of-presence.ch\/fr\/?s={search_term_string}"},"query-input":{"@type":"PropertyValueSpecification","valueRequired":true,"valueName":"search_term_string"}}],"inLanguage":"fr-FR"},{"@type":"Person","@id":"https:\/\/art-of-presence.ch\/fr\/#\/schema\/person\/a681e027537407f81697e0b18b4640de","name":"Joelle Stoudmann","image":{"@type":"ImageObject","inLanguage":"fr-FR","@id":"https:\/\/secure.gravatar.com\/avatar\/35f3a94d3de7fc53062e7f7cce38f1a07ce5287935f99003ab68b7a80f1568c3?s=96&d=mm&r=g","url":"https:\/\/secure.gravatar.com\/avatar\/35f3a94d3de7fc53062e7f7cce38f1a07ce5287935f99003ab68b7a80f1568c3?s=96&d=mm&r=g","contentUrl":"https:\/\/secure.gravatar.com\/avatar\/35f3a94d3de7fc53062e7f7cce38f1a07ce5287935f99003ab68b7a80f1568c3?s=96&d=mm&r=g","caption":"Joelle Stoudmann"},"sameAs":["https:\/\/art-of-presence.ch\/"],"url":"https:\/\/art-of-presence.ch\/fr\/author\/joelle_fr3\/"}]}},"_links":{"self":[{"href":"https:\/\/art-of-presence.ch\/fr\/wp-json\/wp\/v2\/posts\/2984","targetHints":{"allow":["GET"]}}],"collection":[{"href":"https:\/\/art-of-presence.ch\/fr\/wp-json\/wp\/v2\/posts"}],"about":[{"href":"https:\/\/art-of-presence.ch\/fr\/wp-json\/wp\/v2\/types\/post"}],"author":[{"embeddable":true,"href":"https:\/\/art-of-presence.ch\/fr\/wp-json\/wp\/v2\/users\/4"}],"replies":[{"embeddable":true,"href":"https:\/\/art-of-presence.ch\/fr\/wp-json\/wp\/v2\/comments?post=2984"}],"version-history":[{"count":1,"href":"https:\/\/art-of-presence.ch\/fr\/wp-json\/wp\/v2\/posts\/2984\/revisions"}],"predecessor-version":[{"id":2986,"href":"https:\/\/art-of-presence.ch\/fr\/wp-json\/wp\/v2\/posts\/2984\/revisions\/2986"}],"wp:featuredmedia":[{"embeddable":true,"href":"https:\/\/art-of-presence.ch\/fr\/wp-json\/wp\/v2\/media\/2983"}],"wp:attachment":[{"href":"https:\/\/art-of-presence.ch\/fr\/wp-json\/wp\/v2\/media?parent=2984"}],"wp:term":[{"taxonomy":"category","embeddable":true,"href":"https:\/\/art-of-presence.ch\/fr\/wp-json\/wp\/v2\/categories?post=2984"},{"taxonomy":"post_tag","embeddable":true,"href":"https:\/\/art-of-presence.ch\/fr\/wp-json\/wp\/v2\/tags?post=2984"}],"curies":[{"name":"wp","href":"https:\/\/api.w.org\/{rel}","templated":true}]}}