{"id":2111,"date":"2020-02-03T16:34:00","date_gmt":"2020-02-03T15:34:00","guid":{"rendered":"https:\/\/art-of-presence.ch\/fr\/?p=2111"},"modified":"2020-02-09T11:48:57","modified_gmt":"2020-02-09T10:48:57","slug":"ateliers-eveil-createur-joelle-nous-pousse-a-aller-plus-loin-a-realiser-nos-reves-video","status":"publish","type":"post","link":"https:\/\/art-of-presence.ch\/fr\/ateliers-eveil-createur-joelle-nous-pousse-a-aller-plus-loin-a-realiser-nos-reves-video\/","title":{"rendered":"Ateliers \u00c9veil Cr\u00e9ateur: Jo\u00eblle nous pousse \u00e0 r\u00e9aliser nos r\u00eaves &#8211; vid\u00e9o"},"content":{"rendered":"\n<figure class=\"wp-block-embed-youtube wp-block-embed is-type-video is-provider-youtube wp-embed-aspect-16-9 wp-has-aspect-ratio\"><div class=\"wp-block-embed__wrapper\">\n<iframe loading=\"lazy\" title=\"Retour sur les ateliers Eveil Cr\u00e9ateur - R\u00e9alise le dessin de ta vie, des 1-2 f\u00e9vrier 2020\" width=\"1080\" height=\"608\" src=\"https:\/\/www.youtube.com\/embed\/oT80cahTP30?feature=oembed\" frameborder=\"0\" allow=\"accelerometer; autoplay; encrypted-media; gyroscope; picture-in-picture\" allowfullscreen><\/iframe>\n<\/div><\/figure>\n\n\n\n<p> \u00ab\u00a0Jo\u00eblle nous apporte plein d&rsquo;\u00e9l\u00e9ments, de techniques pr\u00e9cieuses pour d\u00e9velopper notre intuition et d\u00e9passer nos limitations. Je me sens plus grand, plus large, \u00e0 la fin du stage et plus confiant afin de r\u00e9aliser mes beaux projets. Je vous le recommande vivement.\u00a0\u00bb (Philippe D., f\u00e9vrier 2020)<br><br>Pour davantage de d\u00e9tails sur le programme, rendez-vous <a href=\"https:\/\/art-of-presence.ch\/fr\/ateliers-eveil-createur\/\">ici<\/a>.<\/p>\n","protected":false},"excerpt":{"rendered":"<p>\u00ab\u00a0Jo\u00eblle nous apporte plein d&rsquo;\u00e9l\u00e9ments, de techniques pr\u00e9cieuses pour d\u00e9velopper notre intuition et d\u00e9passer nos limitations. Je me sens plus grand, plus large, \u00e0 la fin du stage et plus confiant afin de r\u00e9aliser mes beaux projets. Je vous le recommande vivement.\u00a0\u00bb (Philippe D., f\u00e9vrier 2020) Pour davantage de d\u00e9tails sur le programme, rendez-vous ici.<\/p>\n","protected":false},"author":4,"featured_media":2110,"comment_status":"open","ping_status":"open","sticky":false,"template":"","format":"standard","meta":{"_et_pb_use_builder":"","_et_pb_old_content":"","_et_gb_content_width":"","footnotes":""},"categories":[2,274],"tags":[],"class_list":["post-2111","post","type-post","status-publish","format-standard","has-post-thumbnail","hentry","category-temoignages","category-videos"],"yoast_head":"<!-- This site is optimized with the Yoast SEO plugin v27.4 - https:\/\/yoast.com\/product\/yoast-seo-wordpress\/ -->\n<title>Ateliers \u00c9veil Cr\u00e9ateur: Jo\u00eblle nous pousse \u00e0 r\u00e9aliser nos r\u00eaves - vid\u00e9o - Art of Presence<\/title>\n<meta name=\"robots\" content=\"index, follow, max-snippet:-1, max-image-preview:large, max-video-preview:-1\" \/>\n<link rel=\"canonical\" href=\"https:\/\/art-of-presence.ch\/fr\/ateliers-eveil-createur-joelle-nous-pousse-a-aller-plus-loin-a-realiser-nos-reves-video\/\" \/>\n<meta property=\"og:locale\" content=\"fr_FR\" \/>\n<meta property=\"og:type\" content=\"article\" \/>\n<meta property=\"og:title\" content=\"Ateliers \u00c9veil Cr\u00e9ateur: Jo\u00eblle nous pousse \u00e0 r\u00e9aliser nos r\u00eaves - vid\u00e9o - Art of Presence\" \/>\n<meta property=\"og:description\" content=\"\u00ab\u00a0Jo\u00eblle nous apporte plein d&rsquo;\u00e9l\u00e9ments, de techniques pr\u00e9cieuses pour d\u00e9velopper notre intuition et d\u00e9passer nos limitations. Je me sens plus grand, plus large, \u00e0 la fin du stage et plus confiant afin de r\u00e9aliser mes beaux projets. Je vous le recommande vivement.\u00a0\u00bb (Philippe D., f\u00e9vrier 2020) Pour davantage de d\u00e9tails sur le programme, rendez-vous ici.\" \/>\n<meta property=\"og:url\" content=\"https:\/\/art-of-presence.ch\/fr\/ateliers-eveil-createur-joelle-nous-pousse-a-aller-plus-loin-a-realiser-nos-reves-video\/\" \/>\n<meta property=\"og:site_name\" content=\"Art of Presence\" \/>\n<meta property=\"article:published_time\" content=\"2020-02-03T15:34:00+00:00\" \/>\n<meta property=\"article:modified_time\" content=\"2020-02-09T10:48:57+00:00\" \/>\n<meta property=\"og:image\" content=\"https:\/\/art-of-presence.ch\/fr\/wp-content\/uploads\/2020\/02\/DSCN4879-mov-image.jpg\" \/>\n\t<meta property=\"og:image:width\" content=\"160\" \/>\n\t<meta property=\"og:image:height\" content=\"120\" \/>\n\t<meta property=\"og:image:type\" content=\"image\/jpeg\" \/>\n<meta name=\"author\" content=\"Joelle Stoudmann\" \/>\n<meta name=\"twitter:card\" content=\"summary_large_image\" \/>\n<meta name=\"twitter:label1\" content=\"\u00c9crit par\" \/>\n\t<meta name=\"twitter:data1\" content=\"Joelle Stoudmann\" \/>\n<script type=\"application\/ld+json\" class=\"yoast-schema-graph\">{\"@context\":\"https:\\\/\\\/schema.org\",\"@graph\":[{\"@type\":\"Article\",\"@id\":\"https:\\\/\\\/art-of-presence.ch\\\/fr\\\/ateliers-eveil-createur-joelle-nous-pousse-a-aller-plus-loin-a-realiser-nos-reves-video\\\/#article\",\"isPartOf\":{\"@id\":\"https:\\\/\\\/art-of-presence.ch\\\/fr\\\/ateliers-eveil-createur-joelle-nous-pousse-a-aller-plus-loin-a-realiser-nos-reves-video\\\/\"},\"author\":{\"name\":\"Joelle Stoudmann\",\"@id\":\"https:\\\/\\\/art-of-presence.ch\\\/fr\\\/#\\\/schema\\\/person\\\/a681e027537407f81697e0b18b4640de\"},\"headline\":\"Ateliers \u00c9veil Cr\u00e9ateur: Jo\u00eblle nous pousse \u00e0 r\u00e9aliser nos r\u00eaves &#8211; vid\u00e9o\",\"datePublished\":\"2020-02-03T15:34:00+00:00\",\"dateModified\":\"2020-02-09T10:48:57+00:00\",\"mainEntityOfPage\":{\"@id\":\"https:\\\/\\\/art-of-presence.ch\\\/fr\\\/ateliers-eveil-createur-joelle-nous-pousse-a-aller-plus-loin-a-realiser-nos-reves-video\\\/\"},\"wordCount\":83,\"commentCount\":0,\"image\":{\"@id\":\"https:\\\/\\\/art-of-presence.ch\\\/fr\\\/ateliers-eveil-createur-joelle-nous-pousse-a-aller-plus-loin-a-realiser-nos-reves-video\\\/#primaryimage\"},\"thumbnailUrl\":\"https:\\\/\\\/art-of-presence.ch\\\/fr\\\/wp-content\\\/uploads\\\/2020\\\/02\\\/DSCN4879-mov-image.jpg\",\"articleSection\":[\"T\u00e9moignages\",\"Vid\u00e9os\"],\"inLanguage\":\"fr-FR\",\"potentialAction\":[{\"@type\":\"CommentAction\",\"name\":\"Comment\",\"target\":[\"https:\\\/\\\/art-of-presence.ch\\\/fr\\\/ateliers-eveil-createur-joelle-nous-pousse-a-aller-plus-loin-a-realiser-nos-reves-video\\\/#respond\"]}]},{\"@type\":\"WebPage\",\"@id\":\"https:\\\/\\\/art-of-presence.ch\\\/fr\\\/ateliers-eveil-createur-joelle-nous-pousse-a-aller-plus-loin-a-realiser-nos-reves-video\\\/\",\"url\":\"https:\\\/\\\/art-of-presence.ch\\\/fr\\\/ateliers-eveil-createur-joelle-nous-pousse-a-aller-plus-loin-a-realiser-nos-reves-video\\\/\",\"name\":\"Ateliers \u00c9veil Cr\u00e9ateur: Jo\u00eblle nous pousse \u00e0 r\u00e9aliser nos r\u00eaves - vid\u00e9o - Art of Presence\",\"isPartOf\":{\"@id\":\"https:\\\/\\\/art-of-presence.ch\\\/fr\\\/#website\"},\"primaryImageOfPage\":{\"@id\":\"https:\\\/\\\/art-of-presence.ch\\\/fr\\\/ateliers-eveil-createur-joelle-nous-pousse-a-aller-plus-loin-a-realiser-nos-reves-video\\\/#primaryimage\"},\"image\":{\"@id\":\"https:\\\/\\\/art-of-presence.ch\\\/fr\\\/ateliers-eveil-createur-joelle-nous-pousse-a-aller-plus-loin-a-realiser-nos-reves-video\\\/#primaryimage\"},\"thumbnailUrl\":\"https:\\\/\\\/art-of-presence.ch\\\/fr\\\/wp-content\\\/uploads\\\/2020\\\/02\\\/DSCN4879-mov-image.jpg\",\"datePublished\":\"2020-02-03T15:34:00+00:00\",\"dateModified\":\"2020-02-09T10:48:57+00:00\",\"author\":{\"@id\":\"https:\\\/\\\/art-of-presence.ch\\\/fr\\\/#\\\/schema\\\/person\\\/a681e027537407f81697e0b18b4640de\"},\"breadcrumb\":{\"@id\":\"https:\\\/\\\/art-of-presence.ch\\\/fr\\\/ateliers-eveil-createur-joelle-nous-pousse-a-aller-plus-loin-a-realiser-nos-reves-video\\\/#breadcrumb\"},\"inLanguage\":\"fr-FR\",\"potentialAction\":[{\"@type\":\"ReadAction\",\"target\":[\"https:\\\/\\\/art-of-presence.ch\\\/fr\\\/ateliers-eveil-createur-joelle-nous-pousse-a-aller-plus-loin-a-realiser-nos-reves-video\\\/\"]}]},{\"@type\":\"ImageObject\",\"inLanguage\":\"fr-FR\",\"@id\":\"https:\\\/\\\/art-of-presence.ch\\\/fr\\\/ateliers-eveil-createur-joelle-nous-pousse-a-aller-plus-loin-a-realiser-nos-reves-video\\\/#primaryimage\",\"url\":\"https:\\\/\\\/art-of-presence.ch\\\/fr\\\/wp-content\\\/uploads\\\/2020\\\/02\\\/DSCN4879-mov-image.jpg\",\"contentUrl\":\"https:\\\/\\\/art-of-presence.ch\\\/fr\\\/wp-content\\\/uploads\\\/2020\\\/02\\\/DSCN4879-mov-image.jpg\",\"width\":160,\"height\":120,\"caption\":\"Retour de Philippe sur les ateliers Eveil Cr\u00e9ateur\"},{\"@type\":\"BreadcrumbList\",\"@id\":\"https:\\\/\\\/art-of-presence.ch\\\/fr\\\/ateliers-eveil-createur-joelle-nous-pousse-a-aller-plus-loin-a-realiser-nos-reves-video\\\/#breadcrumb\",\"itemListElement\":[{\"@type\":\"ListItem\",\"position\":1,\"name\":\"Accueil\",\"item\":\"https:\\\/\\\/art-of-presence.ch\\\/fr\\\/\"},{\"@type\":\"ListItem\",\"position\":2,\"name\":\"Ateliers \u00c9veil Cr\u00e9ateur: Jo\u00eblle nous pousse \u00e0 r\u00e9aliser nos r\u00eaves &#8211; vid\u00e9o\"}]},{\"@type\":\"WebSite\",\"@id\":\"https:\\\/\\\/art-of-presence.ch\\\/fr\\\/#website\",\"url\":\"https:\\\/\\\/art-of-presence.ch\\\/fr\\\/\",\"name\":\"Art of Presence\",\"description\":\"Un chemin vers Soi\",\"potentialAction\":[{\"@type\":\"SearchAction\",\"target\":{\"@type\":\"EntryPoint\",\"urlTemplate\":\"https:\\\/\\\/art-of-presence.ch\\\/fr\\\/?s={search_term_string}\"},\"query-input\":{\"@type\":\"PropertyValueSpecification\",\"valueRequired\":true,\"valueName\":\"search_term_string\"}}],\"inLanguage\":\"fr-FR\"},{\"@type\":\"Person\",\"@id\":\"https:\\\/\\\/art-of-presence.ch\\\/fr\\\/#\\\/schema\\\/person\\\/a681e027537407f81697e0b18b4640de\",\"name\":\"Joelle Stoudmann\",\"image\":{\"@type\":\"ImageObject\",\"inLanguage\":\"fr-FR\",\"@id\":\"https:\\\/\\\/secure.gravatar.com\\\/avatar\\\/35f3a94d3de7fc53062e7f7cce38f1a07ce5287935f99003ab68b7a80f1568c3?s=96&d=mm&r=g\",\"url\":\"https:\\\/\\\/secure.gravatar.com\\\/avatar\\\/35f3a94d3de7fc53062e7f7cce38f1a07ce5287935f99003ab68b7a80f1568c3?s=96&d=mm&r=g\",\"contentUrl\":\"https:\\\/\\\/secure.gravatar.com\\\/avatar\\\/35f3a94d3de7fc53062e7f7cce38f1a07ce5287935f99003ab68b7a80f1568c3?s=96&d=mm&r=g\",\"caption\":\"Joelle Stoudmann\"},\"sameAs\":[\"https:\\\/\\\/art-of-presence.ch\\\/\"],\"url\":\"https:\\\/\\\/art-of-presence.ch\\\/fr\\\/author\\\/joelle_fr3\\\/\"}]}<\/script>\n<!-- \/ Yoast SEO plugin. -->","yoast_head_json":{"title":"Ateliers \u00c9veil Cr\u00e9ateur: Jo\u00eblle nous pousse \u00e0 r\u00e9aliser nos r\u00eaves - vid\u00e9o - Art of Presence","robots":{"index":"index","follow":"follow","max-snippet":"max-snippet:-1","max-image-preview":"max-image-preview:large","max-video-preview":"max-video-preview:-1"},"canonical":"https:\/\/art-of-presence.ch\/fr\/ateliers-eveil-createur-joelle-nous-pousse-a-aller-plus-loin-a-realiser-nos-reves-video\/","og_locale":"fr_FR","og_type":"article","og_title":"Ateliers \u00c9veil Cr\u00e9ateur: Jo\u00eblle nous pousse \u00e0 r\u00e9aliser nos r\u00eaves - vid\u00e9o - Art of Presence","og_description":"\u00ab\u00a0Jo\u00eblle nous apporte plein d&rsquo;\u00e9l\u00e9ments, de techniques pr\u00e9cieuses pour d\u00e9velopper notre intuition et d\u00e9passer nos limitations. Je me sens plus grand, plus large, \u00e0 la fin du stage et plus confiant afin de r\u00e9aliser mes beaux projets. Je vous le recommande vivement.\u00a0\u00bb (Philippe D., f\u00e9vrier 2020) Pour davantage de d\u00e9tails sur le programme, rendez-vous ici.","og_url":"https:\/\/art-of-presence.ch\/fr\/ateliers-eveil-createur-joelle-nous-pousse-a-aller-plus-loin-a-realiser-nos-reves-video\/","og_site_name":"Art of Presence","article_published_time":"2020-02-03T15:34:00+00:00","article_modified_time":"2020-02-09T10:48:57+00:00","og_image":[{"width":160,"height":120,"url":"https:\/\/art-of-presence.ch\/fr\/wp-content\/uploads\/2020\/02\/DSCN4879-mov-image.jpg","type":"image\/jpeg"}],"author":"Joelle Stoudmann","twitter_card":"summary_large_image","twitter_misc":{"\u00c9crit par":"Joelle Stoudmann"},"schema":{"@context":"https:\/\/schema.org","@graph":[{"@type":"Article","@id":"https:\/\/art-of-presence.ch\/fr\/ateliers-eveil-createur-joelle-nous-pousse-a-aller-plus-loin-a-realiser-nos-reves-video\/#article","isPartOf":{"@id":"https:\/\/art-of-presence.ch\/fr\/ateliers-eveil-createur-joelle-nous-pousse-a-aller-plus-loin-a-realiser-nos-reves-video\/"},"author":{"name":"Joelle Stoudmann","@id":"https:\/\/art-of-presence.ch\/fr\/#\/schema\/person\/a681e027537407f81697e0b18b4640de"},"headline":"Ateliers \u00c9veil Cr\u00e9ateur: Jo\u00eblle nous pousse \u00e0 r\u00e9aliser nos r\u00eaves &#8211; vid\u00e9o","datePublished":"2020-02-03T15:34:00+00:00","dateModified":"2020-02-09T10:48:57+00:00","mainEntityOfPage":{"@id":"https:\/\/art-of-presence.ch\/fr\/ateliers-eveil-createur-joelle-nous-pousse-a-aller-plus-loin-a-realiser-nos-reves-video\/"},"wordCount":83,"commentCount":0,"image":{"@id":"https:\/\/art-of-presence.ch\/fr\/ateliers-eveil-createur-joelle-nous-pousse-a-aller-plus-loin-a-realiser-nos-reves-video\/#primaryimage"},"thumbnailUrl":"https:\/\/art-of-presence.ch\/fr\/wp-content\/uploads\/2020\/02\/DSCN4879-mov-image.jpg","articleSection":["T\u00e9moignages","Vid\u00e9os"],"inLanguage":"fr-FR","potentialAction":[{"@type":"CommentAction","name":"Comment","target":["https:\/\/art-of-presence.ch\/fr\/ateliers-eveil-createur-joelle-nous-pousse-a-aller-plus-loin-a-realiser-nos-reves-video\/#respond"]}]},{"@type":"WebPage","@id":"https:\/\/art-of-presence.ch\/fr\/ateliers-eveil-createur-joelle-nous-pousse-a-aller-plus-loin-a-realiser-nos-reves-video\/","url":"https:\/\/art-of-presence.ch\/fr\/ateliers-eveil-createur-joelle-nous-pousse-a-aller-plus-loin-a-realiser-nos-reves-video\/","name":"Ateliers \u00c9veil Cr\u00e9ateur: Jo\u00eblle nous pousse \u00e0 r\u00e9aliser nos r\u00eaves - vid\u00e9o - Art of Presence","isPartOf":{"@id":"https:\/\/art-of-presence.ch\/fr\/#website"},"primaryImageOfPage":{"@id":"https:\/\/art-of-presence.ch\/fr\/ateliers-eveil-createur-joelle-nous-pousse-a-aller-plus-loin-a-realiser-nos-reves-video\/#primaryimage"},"image":{"@id":"https:\/\/art-of-presence.ch\/fr\/ateliers-eveil-createur-joelle-nous-pousse-a-aller-plus-loin-a-realiser-nos-reves-video\/#primaryimage"},"thumbnailUrl":"https:\/\/art-of-presence.ch\/fr\/wp-content\/uploads\/2020\/02\/DSCN4879-mov-image.jpg","datePublished":"2020-02-03T15:34:00+00:00","dateModified":"2020-02-09T10:48:57+00:00","author":{"@id":"https:\/\/art-of-presence.ch\/fr\/#\/schema\/person\/a681e027537407f81697e0b18b4640de"},"breadcrumb":{"@id":"https:\/\/art-of-presence.ch\/fr\/ateliers-eveil-createur-joelle-nous-pousse-a-aller-plus-loin-a-realiser-nos-reves-video\/#breadcrumb"},"inLanguage":"fr-FR","potentialAction":[{"@type":"ReadAction","target":["https:\/\/art-of-presence.ch\/fr\/ateliers-eveil-createur-joelle-nous-pousse-a-aller-plus-loin-a-realiser-nos-reves-video\/"]}]},{"@type":"ImageObject","inLanguage":"fr-FR","@id":"https:\/\/art-of-presence.ch\/fr\/ateliers-eveil-createur-joelle-nous-pousse-a-aller-plus-loin-a-realiser-nos-reves-video\/#primaryimage","url":"https:\/\/art-of-presence.ch\/fr\/wp-content\/uploads\/2020\/02\/DSCN4879-mov-image.jpg","contentUrl":"https:\/\/art-of-presence.ch\/fr\/wp-content\/uploads\/2020\/02\/DSCN4879-mov-image.jpg","width":160,"height":120,"caption":"Retour de Philippe sur les ateliers Eveil Cr\u00e9ateur"},{"@type":"BreadcrumbList","@id":"https:\/\/art-of-presence.ch\/fr\/ateliers-eveil-createur-joelle-nous-pousse-a-aller-plus-loin-a-realiser-nos-reves-video\/#breadcrumb","itemListElement":[{"@type":"ListItem","position":1,"name":"Accueil","item":"https:\/\/art-of-presence.ch\/fr\/"},{"@type":"ListItem","position":2,"name":"Ateliers \u00c9veil Cr\u00e9ateur: Jo\u00eblle nous pousse \u00e0 r\u00e9aliser nos r\u00eaves &#8211; vid\u00e9o"}]},{"@type":"WebSite","@id":"https:\/\/art-of-presence.ch\/fr\/#website","url":"https:\/\/art-of-presence.ch\/fr\/","name":"Art of Presence","description":"Un chemin vers Soi","potentialAction":[{"@type":"SearchAction","target":{"@type":"EntryPoint","urlTemplate":"https:\/\/art-of-presence.ch\/fr\/?s={search_term_string}"},"query-input":{"@type":"PropertyValueSpecification","valueRequired":true,"valueName":"search_term_string"}}],"inLanguage":"fr-FR"},{"@type":"Person","@id":"https:\/\/art-of-presence.ch\/fr\/#\/schema\/person\/a681e027537407f81697e0b18b4640de","name":"Joelle Stoudmann","image":{"@type":"ImageObject","inLanguage":"fr-FR","@id":"https:\/\/secure.gravatar.com\/avatar\/35f3a94d3de7fc53062e7f7cce38f1a07ce5287935f99003ab68b7a80f1568c3?s=96&d=mm&r=g","url":"https:\/\/secure.gravatar.com\/avatar\/35f3a94d3de7fc53062e7f7cce38f1a07ce5287935f99003ab68b7a80f1568c3?s=96&d=mm&r=g","contentUrl":"https:\/\/secure.gravatar.com\/avatar\/35f3a94d3de7fc53062e7f7cce38f1a07ce5287935f99003ab68b7a80f1568c3?s=96&d=mm&r=g","caption":"Joelle Stoudmann"},"sameAs":["https:\/\/art-of-presence.ch\/"],"url":"https:\/\/art-of-presence.ch\/fr\/author\/joelle_fr3\/"}]}},"_links":{"self":[{"href":"https:\/\/art-of-presence.ch\/fr\/wp-json\/wp\/v2\/posts\/2111","targetHints":{"allow":["GET"]}}],"collection":[{"href":"https:\/\/art-of-presence.ch\/fr\/wp-json\/wp\/v2\/posts"}],"about":[{"href":"https:\/\/art-of-presence.ch\/fr\/wp-json\/wp\/v2\/types\/post"}],"author":[{"embeddable":true,"href":"https:\/\/art-of-presence.ch\/fr\/wp-json\/wp\/v2\/users\/4"}],"replies":[{"embeddable":true,"href":"https:\/\/art-of-presence.ch\/fr\/wp-json\/wp\/v2\/comments?post=2111"}],"version-history":[{"count":6,"href":"https:\/\/art-of-presence.ch\/fr\/wp-json\/wp\/v2\/posts\/2111\/revisions"}],"predecessor-version":[{"id":2124,"href":"https:\/\/art-of-presence.ch\/fr\/wp-json\/wp\/v2\/posts\/2111\/revisions\/2124"}],"wp:featuredmedia":[{"embeddable":true,"href":"https:\/\/art-of-presence.ch\/fr\/wp-json\/wp\/v2\/media\/2110"}],"wp:attachment":[{"href":"https:\/\/art-of-presence.ch\/fr\/wp-json\/wp\/v2\/media?parent=2111"}],"wp:term":[{"taxonomy":"category","embeddable":true,"href":"https:\/\/art-of-presence.ch\/fr\/wp-json\/wp\/v2\/categories?post=2111"},{"taxonomy":"post_tag","embeddable":true,"href":"https:\/\/art-of-presence.ch\/fr\/wp-json\/wp\/v2\/tags?post=2111"}],"curies":[{"name":"wp","href":"https:\/\/api.w.org\/{rel}","templated":true}]}}