{"id":1093,"date":"2018-12-20T14:43:41","date_gmt":"2018-12-20T13:43:41","guid":{"rendered":"https:\/\/art-of-presence.ch\/fr\/?p=1093"},"modified":"2019-03-02T20:50:48","modified_gmt":"2019-03-02T19:50:48","slug":"cycle-dateliers-lodyssee-de-soi-2e-ed-du-16-fev-au-14-avr-2019-a-geneve","status":"publish","type":"post","link":"https:\/\/art-of-presence.ch\/fr\/cycle-dateliers-lodyssee-de-soi-2e-ed-du-16-fev-au-14-avr-2019-a-geneve\/","title":{"rendered":"Cycle d\u2019ateliers \u00ab l\u2019Odyss\u00e9e de Soi \u00bb (2e ed.), les 16 mars, 13 avril et 12 mai 2019 \u00e0 Gen\u00e8ve"},"content":{"rendered":"\n<h4 class=\"wp-block-heading\">Dans ce <strong>cycle d\u2019ateliers,<\/strong> vous aurez la possibilit\u00e9 de rencontrer votre soi essentiel, et de r\u00e9aliser la l\u00e9gende personnelle dont vous r\u00eavez depuis longtemps.<\/h4>\n\n\n\n<p><strong><em>3 ateliers<\/em><\/strong> :<\/p>\n\n\n\n<ul class=\"wp-block-list\"><li><strong>Qui je suis au-del\u00e0 de mes limites<\/strong> (le 16.03.2019 de 14h \u00e0 18h)&nbsp;: dans cet atelier, je vous propose de d\u00e9mystifier toutes les identifications auxquelles vous auriez pu vous attacher au fil du temps, et qui ne vous servent plus, pour r\u00e9v\u00e9ler la personne que vous \u00eates v\u00e9ritablement. Vous aurez la possibilit\u00e9 d\u2019acqu\u00e9rir des outils pouvant vous servir tout au long de ce cheminement \u2013 de VOTRE route vers les \u00e9toiles.<\/li><li><strong>Mes aspirations<\/strong> (le 13.04.2019 de 14h \u00e0 18h)&nbsp;: Cet atelier vous permettra, en quelques coups de crayon magique, de voir se dessiner VOTRE r\u00eave, celui pour lequel vous avez peut-\u00eatre fait un saut sur notre belle plan\u00e8te bleue\u2026 Un r\u00eave suffisamment grand pour ne pas le perdre de vue (la sagesse selon Oscar Wilde). Nous allons \u00e9galement utiliser des outils de coaching pour vous soutenir au long de ce chemin.<\/li><\/ul>\n\n\n\n<ul class=\"wp-block-list\"><li><strong>La route vers mon tr\u00e9sor<\/strong> (le 12.05.2019 de 10h \u00e0 15h) : Finalement, voici l\u2019atelier qui vous permettra de vous booster au quotidien ! Car quand on se lance vers les \u00e9toiles, on a besoin de lumi\u00e8re ; on a besoin de pouvoir suivre des indices au quotidien et de garder le cap pour mieux accepter les parts d\u2019inconnue et se sentir plus libres d\u2019\u00eatre soi, en confiance. Vous \u00eates votre premier(-e) alli\u00e9(-e) !<\/li><\/ul>\n\n\n\n<p><strong><em>Une discussion individuelle<\/em><\/strong> pour faire le point:<br> Durant le cycle d\u2019ateliers et \u00e0 la suite de celui-ci, vous aurez la  possibilit\u00e9 de b\u00e9n\u00e9ficier d\u2019une discussion indviduelle avec l\u2019animatrice  Jo\u00eblle Stoudmann, th\u00e9rapeute certifi\u00e9e The Journey, ce qui vous  permettra de trouver r\u00e9sonance \u00e0 votre projet, ou, de mani\u00e8re plus  sp\u00e9cifique, de d\u00e9terminer comment d\u00e9faire certains blocages internes qui  pourraient encore faire obstruction \u00e0 la r\u00e9alisation de votre L\u00e9gende Personnelle. <\/p>\n\n\n\n<p><strong><em>Un travail \u00e9volutif<\/em><\/strong> entre les ateliers: <br>Je vous propose \u00e9galement des exercices entre les ateliers, qui vous permettront de vivre de mani\u00e8re encore plus approfondie l\u2019exp\u00e9rience et d\u2019entrer pleinement en r\u00e9sonance avec l\u2019appel de votre C\u0153ur\u2026<br><br><\/p>\n\n\n\n<h4 class=\"wp-block-heading\">\u2026en route vers une version de vous plus grande, plus libre et \u00e9panouie, vers la r\u00e9alisation de votre L\u00e9gende Personnelle&nbsp;!<\/h4>\n\n\n\n<p>\nPrix: 330.- pour les 3 ateliers de 4h chacun + la rencontre individuelle.\n\n<\/p>\n\n\n\n<p class=\"has-drop-cap\">Pour les inscriptions, \u00e9crire \u00e0 joelle@art-of-presence.ch.<\/p>\n\n\n\n<p><br><\/p>\n\n\n\n<p><strong>TEMOIGNAGE <\/strong>(\u00e9dition 2017-2018)&nbsp;: <\/p>\n\n\n\n<blockquote class=\"wp-block-quote is-layout-flow wp-block-quote-is-layout-flow\"><p>\u00ab&nbsp;<em>Dans une ambiance s\u00e9curisante et chaleureuse, Jo\u00eblle m\u2019a aid\u00e9 durant ce cycle de 3 ateliers \u00e0 mieux identifier mes croyances limitantes ainsi que les qualit\u00e9s que je souhaitais acqu\u00e9rir ou d\u00e9velopper afin d&rsquo;accomplir mes objectifs de vie. <\/em><\/p><p><em>Au moyen de diff\u00e9rents outils et exercices, j&rsquo;ai d\u00e9couvert durant ces 3 ateliers, d\u2019une part des m\u00e9thodes aidant \u00e0 remplacer mes anciennes croyances limitantes par de nouvelles plus en accord avec la direction que je souhaite d\u00e9sormais donner \u00e0 ma vie. <\/em><\/p><p><em>D\u2019autre part, nous avons \u00e9galement vu ensemble comment mettre en application de mani\u00e8re concr\u00e8te et efficace les changements n\u00e9cessaires \u00e0 mon accomplissement personnel. Merci Jo\u00eblle! \u00bb<\/em><\/p><\/blockquote>\n\n\n\n<p>(participant\nanonyme)<\/p>\n\n\n\n<p>&#8212;&#8212;<\/p>\n\n\n\n<p class=\"has-background has-pale-pink-background-color\"><strong><em>Une exp\u00e9rience unique et riche,\nun cadre accueillant et propice \u00e0 l\u2019\u00e9volution personnelle!<\/em><\/strong><\/p>\n","protected":false},"excerpt":{"rendered":"<p>Dans ce cycle d\u2019ateliers, vous aurez la possibilit\u00e9 de rencontrer votre soi essentiel, et de r\u00e9aliser la l\u00e9gende personnelle dont vous r\u00eavez depuis longtemps. 3 ateliers : Qui je suis au-del\u00e0 de mes limites (le 16.03.2019 de 14h \u00e0 18h)&nbsp;: dans cet atelier, je vous propose de d\u00e9mystifier toutes les identifications auxquelles vous auriez pu [&hellip;]<\/p>\n","protected":false},"author":4,"featured_media":0,"comment_status":"open","ping_status":"closed","sticky":false,"template":"","format":"standard","meta":{"_et_pb_use_builder":"","_et_pb_old_content":"","_et_gb_content_width":"","footnotes":""},"categories":[245,1],"tags":[304,167,319,314,301,312,311,293,313,300,307,315,306,294,320,297,302,309,295,308,251,265,201,310,316,172,299,296,298,305,303,317,318],"class_list":["post-1093","post","type-post","status-publish","format-standard","hentry","category-evenements","category-non-classe","tag-appel-de-coeur","tag-bien-etre","tag-bonne-etoile","tag-changer-de-cap","tag-coeur","tag-defi","tag-discussion","tag-divin","tag-engagement","tag-entreprise","tag-experience","tag-garder-le-cap","tag-intuition","tag-legende-personnelle","tag-magique","tag-magnifique","tag-mission-de-vie","tag-objectifs","tag-personne-unique","tag-projet","tag-realiser-ses-desirs","tag-realiser-ses-projets","tag-realiser-ses-reves","tag-rencontre","tag-sepanouir","tag-se-realiser","tag-succes","tag-suivre-son-coeur","tag-suivre-son-intuitionlegende-personnelle","tag-therapie","tag-vision","tag-vivre-ses-reves","tag-vivre-un-defi-personnel"],"yoast_head":"<!-- This site is optimized with the Yoast SEO plugin v27.5 - https:\/\/yoast.com\/product\/yoast-seo-wordpress\/ -->\n<title>Cycle d\u2019ateliers \u00ab l\u2019Odyss\u00e9e de Soi \u00bb (2e ed.), les 16 mars, 13 avril et 12 mai 2019 \u00e0 Gen\u00e8ve - Art of Presence<\/title>\n<meta name=\"robots\" content=\"index, follow, max-snippet:-1, max-image-preview:large, max-video-preview:-1\" \/>\n<link rel=\"canonical\" href=\"https:\/\/art-of-presence.ch\/fr\/cycle-dateliers-lodyssee-de-soi-2e-ed-du-16-fev-au-14-avr-2019-a-geneve\/\" \/>\n<meta property=\"og:locale\" content=\"fr_FR\" \/>\n<meta property=\"og:type\" content=\"article\" \/>\n<meta property=\"og:title\" content=\"Cycle d\u2019ateliers \u00ab l\u2019Odyss\u00e9e de Soi \u00bb (2e ed.), les 16 mars, 13 avril et 12 mai 2019 \u00e0 Gen\u00e8ve - Art of Presence\" \/>\n<meta property=\"og:description\" content=\"Dans ce cycle d\u2019ateliers, vous aurez la possibilit\u00e9 de rencontrer votre soi essentiel, et de r\u00e9aliser la l\u00e9gende personnelle dont vous r\u00eavez depuis longtemps. 3 ateliers : Qui je suis au-del\u00e0 de mes limites (le 16.03.2019 de 14h \u00e0 18h)&nbsp;: dans cet atelier, je vous propose de d\u00e9mystifier toutes les identifications auxquelles vous auriez pu [&hellip;]\" \/>\n<meta property=\"og:url\" content=\"https:\/\/art-of-presence.ch\/fr\/cycle-dateliers-lodyssee-de-soi-2e-ed-du-16-fev-au-14-avr-2019-a-geneve\/\" \/>\n<meta property=\"og:site_name\" content=\"Art of Presence\" \/>\n<meta property=\"article:published_time\" content=\"2018-12-20T13:43:41+00:00\" \/>\n<meta property=\"article:modified_time\" content=\"2019-03-02T19:50:48+00:00\" \/>\n<meta name=\"author\" content=\"Joelle Stoudmann\" \/>\n<meta name=\"twitter:card\" content=\"summary_large_image\" \/>\n<meta name=\"twitter:label1\" content=\"\u00c9crit par\" \/>\n\t<meta name=\"twitter:data1\" content=\"Joelle Stoudmann\" \/>\n\t<meta name=\"twitter:label2\" content=\"Dur\u00e9e de lecture estim\u00e9e\" \/>\n\t<meta name=\"twitter:data2\" content=\"3 minutes\" \/>\n<script type=\"application\/ld+json\" class=\"yoast-schema-graph\">{\"@context\":\"https:\\\/\\\/schema.org\",\"@graph\":[{\"@type\":\"Article\",\"@id\":\"https:\\\/\\\/art-of-presence.ch\\\/fr\\\/cycle-dateliers-lodyssee-de-soi-2e-ed-du-16-fev-au-14-avr-2019-a-geneve\\\/#article\",\"isPartOf\":{\"@id\":\"https:\\\/\\\/art-of-presence.ch\\\/fr\\\/cycle-dateliers-lodyssee-de-soi-2e-ed-du-16-fev-au-14-avr-2019-a-geneve\\\/\"},\"author\":{\"name\":\"Joelle Stoudmann\",\"@id\":\"https:\\\/\\\/art-of-presence.ch\\\/fr\\\/#\\\/schema\\\/person\\\/a681e027537407f81697e0b18b4640de\"},\"headline\":\"Cycle d\u2019ateliers \u00ab l\u2019Odyss\u00e9e de Soi \u00bb (2e ed.), les 16 mars, 13 avril et 12 mai 2019 \u00e0 Gen\u00e8ve\",\"datePublished\":\"2018-12-20T13:43:41+00:00\",\"dateModified\":\"2019-03-02T19:50:48+00:00\",\"mainEntityOfPage\":{\"@id\":\"https:\\\/\\\/art-of-presence.ch\\\/fr\\\/cycle-dateliers-lodyssee-de-soi-2e-ed-du-16-fev-au-14-avr-2019-a-geneve\\\/\"},\"wordCount\":568,\"commentCount\":0,\"keywords\":[\"appel de c\u0153ur\",\"bien-\u00eatre\",\"bonne \u00e9toile\",\"changer de cap\",\"c\u0153ur\",\"d\u00e9fi\",\"discussion\",\"divin\",\"engagement\",\"entreprise\",\"exp\u00e9rience\",\"garder le cap\",\"intuition\",\"l\u00e9gende personnelle\",\"magique\",\"magnifique\",\"mission de vie\",\"objectifs\",\"personne unique\",\"projet\",\"r\u00e9aliser ses d\u00e9sirs\",\"r\u00e9aliser ses projets\",\"r\u00e9aliser ses r\u00eaves\",\"rencontre\",\"s'\u00e9panouir\",\"se r\u00e9aliser\",\"succ\u00e8s\",\"suivre son coeur\",\"suivre son intuitionl\u00e9gende personnelle\",\"th\u00e9rapie\",\"vision\",\"vivre ses r\u00eaves\",\"vivre un d\u00e9fi personnel\"],\"articleSection\":[\"Ev\u00e9nements\"],\"inLanguage\":\"fr-FR\",\"potentialAction\":[{\"@type\":\"CommentAction\",\"name\":\"Comment\",\"target\":[\"https:\\\/\\\/art-of-presence.ch\\\/fr\\\/cycle-dateliers-lodyssee-de-soi-2e-ed-du-16-fev-au-14-avr-2019-a-geneve\\\/#respond\"]}]},{\"@type\":\"WebPage\",\"@id\":\"https:\\\/\\\/art-of-presence.ch\\\/fr\\\/cycle-dateliers-lodyssee-de-soi-2e-ed-du-16-fev-au-14-avr-2019-a-geneve\\\/\",\"url\":\"https:\\\/\\\/art-of-presence.ch\\\/fr\\\/cycle-dateliers-lodyssee-de-soi-2e-ed-du-16-fev-au-14-avr-2019-a-geneve\\\/\",\"name\":\"Cycle d\u2019ateliers \u00ab l\u2019Odyss\u00e9e de Soi \u00bb (2e ed.), les 16 mars, 13 avril et 12 mai 2019 \u00e0 Gen\u00e8ve - Art of Presence\",\"isPartOf\":{\"@id\":\"https:\\\/\\\/art-of-presence.ch\\\/fr\\\/#website\"},\"datePublished\":\"2018-12-20T13:43:41+00:00\",\"dateModified\":\"2019-03-02T19:50:48+00:00\",\"author\":{\"@id\":\"https:\\\/\\\/art-of-presence.ch\\\/fr\\\/#\\\/schema\\\/person\\\/a681e027537407f81697e0b18b4640de\"},\"breadcrumb\":{\"@id\":\"https:\\\/\\\/art-of-presence.ch\\\/fr\\\/cycle-dateliers-lodyssee-de-soi-2e-ed-du-16-fev-au-14-avr-2019-a-geneve\\\/#breadcrumb\"},\"inLanguage\":\"fr-FR\",\"potentialAction\":[{\"@type\":\"ReadAction\",\"target\":[\"https:\\\/\\\/art-of-presence.ch\\\/fr\\\/cycle-dateliers-lodyssee-de-soi-2e-ed-du-16-fev-au-14-avr-2019-a-geneve\\\/\"]}]},{\"@type\":\"BreadcrumbList\",\"@id\":\"https:\\\/\\\/art-of-presence.ch\\\/fr\\\/cycle-dateliers-lodyssee-de-soi-2e-ed-du-16-fev-au-14-avr-2019-a-geneve\\\/#breadcrumb\",\"itemListElement\":[{\"@type\":\"ListItem\",\"position\":1,\"name\":\"Accueil\",\"item\":\"https:\\\/\\\/art-of-presence.ch\\\/fr\\\/\"},{\"@type\":\"ListItem\",\"position\":2,\"name\":\"Cycle d\u2019ateliers \u00ab l\u2019Odyss\u00e9e de Soi \u00bb (2e ed.), les 16 mars, 13 avril et 12 mai 2019 \u00e0 Gen\u00e8ve\"}]},{\"@type\":\"WebSite\",\"@id\":\"https:\\\/\\\/art-of-presence.ch\\\/fr\\\/#website\",\"url\":\"https:\\\/\\\/art-of-presence.ch\\\/fr\\\/\",\"name\":\"Art of Presence\",\"description\":\"Un chemin vers Soi\",\"potentialAction\":[{\"@type\":\"SearchAction\",\"target\":{\"@type\":\"EntryPoint\",\"urlTemplate\":\"https:\\\/\\\/art-of-presence.ch\\\/fr\\\/?s={search_term_string}\"},\"query-input\":{\"@type\":\"PropertyValueSpecification\",\"valueRequired\":true,\"valueName\":\"search_term_string\"}}],\"inLanguage\":\"fr-FR\"},{\"@type\":\"Person\",\"@id\":\"https:\\\/\\\/art-of-presence.ch\\\/fr\\\/#\\\/schema\\\/person\\\/a681e027537407f81697e0b18b4640de\",\"name\":\"Joelle Stoudmann\",\"image\":{\"@type\":\"ImageObject\",\"inLanguage\":\"fr-FR\",\"@id\":\"https:\\\/\\\/secure.gravatar.com\\\/avatar\\\/35f3a94d3de7fc53062e7f7cce38f1a07ce5287935f99003ab68b7a80f1568c3?s=96&d=mm&r=g\",\"url\":\"https:\\\/\\\/secure.gravatar.com\\\/avatar\\\/35f3a94d3de7fc53062e7f7cce38f1a07ce5287935f99003ab68b7a80f1568c3?s=96&d=mm&r=g\",\"contentUrl\":\"https:\\\/\\\/secure.gravatar.com\\\/avatar\\\/35f3a94d3de7fc53062e7f7cce38f1a07ce5287935f99003ab68b7a80f1568c3?s=96&d=mm&r=g\",\"caption\":\"Joelle Stoudmann\"},\"sameAs\":[\"https:\\\/\\\/art-of-presence.ch\\\/\"],\"url\":\"https:\\\/\\\/art-of-presence.ch\\\/fr\\\/author\\\/joelle_fr3\\\/\"}]}<\/script>\n<!-- \/ Yoast SEO plugin. -->","yoast_head_json":{"title":"Cycle d\u2019ateliers \u00ab l\u2019Odyss\u00e9e de Soi \u00bb (2e ed.), les 16 mars, 13 avril et 12 mai 2019 \u00e0 Gen\u00e8ve - Art of Presence","robots":{"index":"index","follow":"follow","max-snippet":"max-snippet:-1","max-image-preview":"max-image-preview:large","max-video-preview":"max-video-preview:-1"},"canonical":"https:\/\/art-of-presence.ch\/fr\/cycle-dateliers-lodyssee-de-soi-2e-ed-du-16-fev-au-14-avr-2019-a-geneve\/","og_locale":"fr_FR","og_type":"article","og_title":"Cycle d\u2019ateliers \u00ab l\u2019Odyss\u00e9e de Soi \u00bb (2e ed.), les 16 mars, 13 avril et 12 mai 2019 \u00e0 Gen\u00e8ve - Art of Presence","og_description":"Dans ce cycle d\u2019ateliers, vous aurez la possibilit\u00e9 de rencontrer votre soi essentiel, et de r\u00e9aliser la l\u00e9gende personnelle dont vous r\u00eavez depuis longtemps. 3 ateliers : Qui je suis au-del\u00e0 de mes limites (le 16.03.2019 de 14h \u00e0 18h)&nbsp;: dans cet atelier, je vous propose de d\u00e9mystifier toutes les identifications auxquelles vous auriez pu [&hellip;]","og_url":"https:\/\/art-of-presence.ch\/fr\/cycle-dateliers-lodyssee-de-soi-2e-ed-du-16-fev-au-14-avr-2019-a-geneve\/","og_site_name":"Art of Presence","article_published_time":"2018-12-20T13:43:41+00:00","article_modified_time":"2019-03-02T19:50:48+00:00","author":"Joelle Stoudmann","twitter_card":"summary_large_image","twitter_misc":{"\u00c9crit par":"Joelle Stoudmann","Dur\u00e9e de lecture estim\u00e9e":"3 minutes"},"schema":{"@context":"https:\/\/schema.org","@graph":[{"@type":"Article","@id":"https:\/\/art-of-presence.ch\/fr\/cycle-dateliers-lodyssee-de-soi-2e-ed-du-16-fev-au-14-avr-2019-a-geneve\/#article","isPartOf":{"@id":"https:\/\/art-of-presence.ch\/fr\/cycle-dateliers-lodyssee-de-soi-2e-ed-du-16-fev-au-14-avr-2019-a-geneve\/"},"author":{"name":"Joelle Stoudmann","@id":"https:\/\/art-of-presence.ch\/fr\/#\/schema\/person\/a681e027537407f81697e0b18b4640de"},"headline":"Cycle d\u2019ateliers \u00ab l\u2019Odyss\u00e9e de Soi \u00bb (2e ed.), les 16 mars, 13 avril et 12 mai 2019 \u00e0 Gen\u00e8ve","datePublished":"2018-12-20T13:43:41+00:00","dateModified":"2019-03-02T19:50:48+00:00","mainEntityOfPage":{"@id":"https:\/\/art-of-presence.ch\/fr\/cycle-dateliers-lodyssee-de-soi-2e-ed-du-16-fev-au-14-avr-2019-a-geneve\/"},"wordCount":568,"commentCount":0,"keywords":["appel de c\u0153ur","bien-\u00eatre","bonne \u00e9toile","changer de cap","c\u0153ur","d\u00e9fi","discussion","divin","engagement","entreprise","exp\u00e9rience","garder le cap","intuition","l\u00e9gende personnelle","magique","magnifique","mission de vie","objectifs","personne unique","projet","r\u00e9aliser ses d\u00e9sirs","r\u00e9aliser ses projets","r\u00e9aliser ses r\u00eaves","rencontre","s'\u00e9panouir","se r\u00e9aliser","succ\u00e8s","suivre son coeur","suivre son intuitionl\u00e9gende personnelle","th\u00e9rapie","vision","vivre ses r\u00eaves","vivre un d\u00e9fi personnel"],"articleSection":["Ev\u00e9nements"],"inLanguage":"fr-FR","potentialAction":[{"@type":"CommentAction","name":"Comment","target":["https:\/\/art-of-presence.ch\/fr\/cycle-dateliers-lodyssee-de-soi-2e-ed-du-16-fev-au-14-avr-2019-a-geneve\/#respond"]}]},{"@type":"WebPage","@id":"https:\/\/art-of-presence.ch\/fr\/cycle-dateliers-lodyssee-de-soi-2e-ed-du-16-fev-au-14-avr-2019-a-geneve\/","url":"https:\/\/art-of-presence.ch\/fr\/cycle-dateliers-lodyssee-de-soi-2e-ed-du-16-fev-au-14-avr-2019-a-geneve\/","name":"Cycle d\u2019ateliers \u00ab l\u2019Odyss\u00e9e de Soi \u00bb (2e ed.), les 16 mars, 13 avril et 12 mai 2019 \u00e0 Gen\u00e8ve - Art of Presence","isPartOf":{"@id":"https:\/\/art-of-presence.ch\/fr\/#website"},"datePublished":"2018-12-20T13:43:41+00:00","dateModified":"2019-03-02T19:50:48+00:00","author":{"@id":"https:\/\/art-of-presence.ch\/fr\/#\/schema\/person\/a681e027537407f81697e0b18b4640de"},"breadcrumb":{"@id":"https:\/\/art-of-presence.ch\/fr\/cycle-dateliers-lodyssee-de-soi-2e-ed-du-16-fev-au-14-avr-2019-a-geneve\/#breadcrumb"},"inLanguage":"fr-FR","potentialAction":[{"@type":"ReadAction","target":["https:\/\/art-of-presence.ch\/fr\/cycle-dateliers-lodyssee-de-soi-2e-ed-du-16-fev-au-14-avr-2019-a-geneve\/"]}]},{"@type":"BreadcrumbList","@id":"https:\/\/art-of-presence.ch\/fr\/cycle-dateliers-lodyssee-de-soi-2e-ed-du-16-fev-au-14-avr-2019-a-geneve\/#breadcrumb","itemListElement":[{"@type":"ListItem","position":1,"name":"Accueil","item":"https:\/\/art-of-presence.ch\/fr\/"},{"@type":"ListItem","position":2,"name":"Cycle d\u2019ateliers \u00ab l\u2019Odyss\u00e9e de Soi \u00bb (2e ed.), les 16 mars, 13 avril et 12 mai 2019 \u00e0 Gen\u00e8ve"}]},{"@type":"WebSite","@id":"https:\/\/art-of-presence.ch\/fr\/#website","url":"https:\/\/art-of-presence.ch\/fr\/","name":"Art of Presence","description":"Un chemin vers Soi","potentialAction":[{"@type":"SearchAction","target":{"@type":"EntryPoint","urlTemplate":"https:\/\/art-of-presence.ch\/fr\/?s={search_term_string}"},"query-input":{"@type":"PropertyValueSpecification","valueRequired":true,"valueName":"search_term_string"}}],"inLanguage":"fr-FR"},{"@type":"Person","@id":"https:\/\/art-of-presence.ch\/fr\/#\/schema\/person\/a681e027537407f81697e0b18b4640de","name":"Joelle Stoudmann","image":{"@type":"ImageObject","inLanguage":"fr-FR","@id":"https:\/\/secure.gravatar.com\/avatar\/35f3a94d3de7fc53062e7f7cce38f1a07ce5287935f99003ab68b7a80f1568c3?s=96&d=mm&r=g","url":"https:\/\/secure.gravatar.com\/avatar\/35f3a94d3de7fc53062e7f7cce38f1a07ce5287935f99003ab68b7a80f1568c3?s=96&d=mm&r=g","contentUrl":"https:\/\/secure.gravatar.com\/avatar\/35f3a94d3de7fc53062e7f7cce38f1a07ce5287935f99003ab68b7a80f1568c3?s=96&d=mm&r=g","caption":"Joelle Stoudmann"},"sameAs":["https:\/\/art-of-presence.ch\/"],"url":"https:\/\/art-of-presence.ch\/fr\/author\/joelle_fr3\/"}]}},"_links":{"self":[{"href":"https:\/\/art-of-presence.ch\/fr\/wp-json\/wp\/v2\/posts\/1093","targetHints":{"allow":["GET"]}}],"collection":[{"href":"https:\/\/art-of-presence.ch\/fr\/wp-json\/wp\/v2\/posts"}],"about":[{"href":"https:\/\/art-of-presence.ch\/fr\/wp-json\/wp\/v2\/types\/post"}],"author":[{"embeddable":true,"href":"https:\/\/art-of-presence.ch\/fr\/wp-json\/wp\/v2\/users\/4"}],"replies":[{"embeddable":true,"href":"https:\/\/art-of-presence.ch\/fr\/wp-json\/wp\/v2\/comments?post=1093"}],"version-history":[{"count":35,"href":"https:\/\/art-of-presence.ch\/fr\/wp-json\/wp\/v2\/posts\/1093\/revisions"}],"predecessor-version":[{"id":1377,"href":"https:\/\/art-of-presence.ch\/fr\/wp-json\/wp\/v2\/posts\/1093\/revisions\/1377"}],"wp:attachment":[{"href":"https:\/\/art-of-presence.ch\/fr\/wp-json\/wp\/v2\/media?parent=1093"}],"wp:term":[{"taxonomy":"category","embeddable":true,"href":"https:\/\/art-of-presence.ch\/fr\/wp-json\/wp\/v2\/categories?post=1093"},{"taxonomy":"post_tag","embeddable":true,"href":"https:\/\/art-of-presence.ch\/fr\/wp-json\/wp\/v2\/tags?post=1093"}],"curies":[{"name":"wp","href":"https:\/\/api.w.org\/{rel}","templated":true}]}}