{"id":1068,"date":"2018-09-18T15:45:23","date_gmt":"2018-09-18T13:45:23","guid":{"rendered":"https:\/\/art-of-presence.ch\/fr\/?p=1068"},"modified":"2020-02-13T15:30:44","modified_gmt":"2020-02-13T14:30:44","slug":"temoignages-divers","status":"publish","type":"post","link":"https:\/\/art-of-presence.ch\/fr\/temoignages-divers\/","title":{"rendered":"Ils en ont dit"},"content":{"rendered":"\n<h4 class=\"wp-block-heading\">En lien aux ateliers \u00c9veil Cr\u00e9ateur (an. Odyss\u00e9e de Soi)<\/h4>\n\n\n\n<blockquote class=\"wp-block-quote is-layout-flow wp-block-quote-is-layout-flow\"><p><em>\u00ab\u00a0Jo\u00eblle nous apporte plein d&rsquo;\u00e9l\u00e9ments, de techniques pr\u00e9cieuses pour  d\u00e9velopper notre intuition et d\u00e9passer nos limitations. Je me sens plus  grand, plus large, \u00e0 la fin du stage et plus confiant afin de r\u00e9aliser  mes beaux projets. Je vous le recommande vivement.\u00a0\u00bb<\/em><\/p><cite> Philippe Dupont,  f\u00e9vrier 2020<\/cite><\/blockquote>\n\n\n\n<blockquote class=\"wp-block-quote is-layout-flow wp-block-quote-is-layout-flow\"><p><em>\u00ab\u00a0Jo\u00eblle aime partager ses connaissances avec l&rsquo;\u00e9nergie du c\u0153ur, et nous avons pass\u00e9 de merveilleux moments ensemble dans la d\u00e9couverte de nos ombres et lumi\u00e8res; on avance dans la direction de nos r\u00eaves. Les dessins m&rsquo;ont permis d&rsquo;avoir une vision de mes sentiments et sensations. On regarde la situation diff\u00e9remment car le dessin peut \u00e9voluer au fil du temps.\u00a0\u00bb<\/em><\/p><cite>I., ateliers \u00ab\u00a0Eveil Cr\u00e9ateur &#8211; R\u00e9alise le dessin de ta vie\u00a0\u00bb, sept.-oct. 2019<\/cite><\/blockquote>\n\n\n\n<blockquote class=\"wp-block-quote is-layout-flow wp-block-quote-is-layout-flow\"><p><em>\u00ab\u00a0Je suis enchant\u00e9e d&rsquo;\u00eatre mont\u00e9e \u00e0 bord de l&rsquo;odyss\u00e9e de soi pour vivre cette fantastique exp\u00e9rience avec de belles \u00e9motions partag\u00e9es au  milieu d&rsquo;un groupe de personnes merveilleuses et d&rsquo;avoir d\u00e9couvert de  pouvoir m&rsquo;exprimer librement aussi avec l&rsquo;art de dessiner!&nbsp;Merci  Jo\u00eblle de tout coeur de m&rsquo;avoir guid\u00e9e en toute confiance et de la joie  que tu as transmise durant ces 3 ateliers de pratique d\u00a0\u00bbArt of  Presence qui a fait entrer la lumi\u00e8re pour \u00e9clairer mon chemin de  vie&#8230;\u2b50\ufe0f<\/em>\u00ab\u00a0<\/p><cite> L., ateliers \u00ab\u00a0Odyss\u00e9e de Soi, \u00e9d. 2, printemps 2019 <\/cite><\/blockquote>\n\n\n\n<blockquote class=\"wp-block-quote is-layout-flow wp-block-quote-is-layout-flow\"><p><em>\u00ab\u00a0Les ateliers m&rsquo;ont guid\u00e9e vers un univers int\u00e9rieur et des barri\u00e8res limitantes que je ne soup\u00e7onnais pas. Avec douceur et avec un accompagnement bienveillant de Jo\u00eblle et des participantes durant  les s\u00e9ances, j&rsquo;ai pu donner un nouveau souffle \u00e0 mes projets de vie, redonner confiance en mon pouvoir cr\u00e9ateur.\u00a0\u00bb <\/em><\/p><cite> C.,  ateliers \u00ab\u00a0Odyss\u00e9e de Soi, \u00e9d. 2, printemps 2019 <\/cite><\/blockquote>\n\n\n\n<blockquote class=\"wp-block-quote is-layout-flow wp-block-quote-is-layout-flow\"><p><em>Dans une ambiance s\u00e9curisante et chaleureuse, Jo\u00eblle m\u2019a aid\u00e9 durant ce cycle de 3 ateliers \u00e0 mieux identifier mes croyances limitantes ainsi que les qualit\u00e9s que je souhaitais acqu\u00e9rir ou d\u00e9velopper afin d&rsquo;accomplir mes objectifs de vie. Au moyen de diff\u00e9rents outils et exercices, J&rsquo;ai d\u00e9couvert durant ces 3 ateliers, d\u2019une part des m\u00e9thodes aidant \u00e0 remplacer mes anciennes croyances limitantes par de nouvelles plus en accord avec la direction que je souhaite d\u00e9sormais donner \u00e0 ma vie. D\u2019autre part, nous avons \u00e9galement vu ensemble comment mettre en application de mani\u00e8re concr\u00e8te et efficace les changements n\u00e9cessaires \u00e0 mon accomplissement personnel. Et tout cela toujours avec le sourire&nbsp;!<\/em><\/p><cite>A.,  ateliers l'\u00a0\u00bbOdyss\u00e9e de Soi\u00a0\u00bb, \u00e9d. 1, 2018-2019 <\/cite><\/blockquote>\n\n\n\n<h4 class=\"wp-block-heading\">En lien \u00e0 l&rsquo;accompagnement individuel<\/h4>\n\n\n\n<blockquote class=\"wp-block-quote is-layout-flow wp-block-quote-is-layout-flow\"><p><em>Jo\u00eblle m\u2019a fait d\u00e9couvrir la m\u00e9thode The Journey, qu\u2019un drame familial m\u2019a convaincu d\u2019essayer. Jo\u00eblle a r\u00e9pondu \u00e0 toutes mes questions avec calme et bienveillance et d\u00e8s lors, j\u2019ai suivi plusieurs s\u00e9ances. A chaque fois, le processus est le m\u00eame: avant la s\u00e9ance, je suis rong\u00e9e par les peurs et angoisses; pendant la s\u00e9ance, je d\u00e9couvre des blocages insoup\u00e7onn\u00e9s; apr\u00e8s la s\u00e9ance, je suis calme, d\u00e9tendue et je relativise tout ce qui m\u2019arrive. Jo\u00eblle est un rayon de soleil en plein ciel gris, d\u2019une sagesse et d\u2019une bienveillance rares.        <\/em><\/p><cite>Eva Agathopoulos, 2019<\/cite><\/blockquote>\n\n\n\n<blockquote class=\"wp-block-quote is-layout-flow wp-block-quote-is-layout-flow\"><p><em>The experience I had having the emotional journey sessions with Joelle  was very rewarding. It is a great exploration into the self and  feelings. I admire Joelle\u2019s soft and assertive manner in asking and  persisting on asking questions that help guide the journey towards the  self.  I highly recommend it to everyone to get in touch with the inner realms. <\/em><\/p><cite>N., 2019<\/cite><\/blockquote>\n\n\n\n<blockquote class=\"wp-block-quote is-layout-flow wp-block-quote-is-layout-flow\"><p><em>Sur les conseils d&rsquo;un ami, j&rsquo;ai d\u00e9couvert la m\u00e9thode de Brandon Bays avec Jo\u00eblle Stoudmann. J&rsquo;\u00e9tais alors dans une p\u00e9riode d\u00e9licate, peu apr\u00e8s l&rsquo;annonce d&rsquo;une r\u00e9cidive de cancer du pancr\u00e9as.<\/em><br><em>Avec beaucoup de professionnalisme et de tact, Jo\u00eblle m&rsquo;a accompagn\u00e9e vers un apaisement dont je b\u00e9n\u00e9ficie toujours. J&rsquo;ai pu d\u00e9couvrir cette m\u00e9thode tr\u00e8s efficace pour nettoyer les histoires anciennes qui me perturbaient et retrouver le contact avec mon moi profond. Son grand sens de l&rsquo;\u00e9coute lui a permis d&rsquo;adapter la m\u00e9thode Journey \u00e0 chaque \u00e9tape de mon cheminement et \u00e0 pacifier mes relations avec mon entourage pour mon plus grand bien.<\/em><\/p><cite>cliente anonyme, 2018<\/cite><\/blockquote>\n\n\n\n<blockquote class=\"wp-block-quote is-layout-flow wp-block-quote-is-layout-flow\"><p><em>Guid\u00e9es en toute bienveillance et s\u00e9curit\u00e9, les s\u00e9ances avec Jo\u00eblle m&rsquo;ont permis de travailler sur ma relation aux hommes, auparavant compliqu\u00e9e. J&rsquo;ai m\u00eame pu rencontrer une personne qui me correspond et est tr\u00e8s gentille. Nos s\u00e9ances m&rsquo;ont fait beaucoup grandir. Merci Jo\u00eblle!<\/em><\/p><cite>A., 2019<\/cite><\/blockquote>\n","protected":false},"excerpt":{"rendered":"<p>En lien aux ateliers \u00c9veil Cr\u00e9ateur (an. Odyss\u00e9e de Soi) \u00ab\u00a0Jo\u00eblle nous apporte plein d&rsquo;\u00e9l\u00e9ments, de techniques pr\u00e9cieuses pour d\u00e9velopper notre intuition et d\u00e9passer nos limitations. Je me sens plus grand, plus large, \u00e0 la fin du stage et plus confiant afin de r\u00e9aliser mes beaux projets. Je vous le recommande vivement.\u00a0\u00bb Philippe Dupont, f\u00e9vrier [&hellip;]<\/p>\n","protected":false},"author":4,"featured_media":0,"comment_status":"open","ping_status":"open","sticky":false,"template":"","format":"standard","meta":{"_et_pb_use_builder":"","_et_pb_old_content":"","_et_gb_content_width":"","footnotes":""},"categories":[2],"tags":[278,281,288,275,276,291,279,264,289,280,284,292,286,287,285,290,283,282,277,68],"class_list":["post-1068","post","type-post","status-publish","format-standard","hentry","category-temoignages","tag-accompagner","tag-apaisement","tag-brandon-bays","tag-cancer","tag-confiance","tag-contact-avec-mon-moi-profond","tag-histoires-anciennes","tag-lacher-prise","tag-le-voyage-de-guerison","tag-methode-tres-efficace","tag-nettoyer","tag-pacifier-mes-relations","tag-periode-delicate","tag-periode-difficile","tag-professionalisme","tag-recidive","tag-relations-avec-mon-entourage","tag-sens-de-lecoute","tag-tact","tag-the-journey"],"yoast_head":"<!-- This site is optimized with the Yoast SEO plugin v27.4 - https:\/\/yoast.com\/product\/yoast-seo-wordpress\/ -->\n<title>Ils en ont dit - Art of Presence<\/title>\n<meta name=\"robots\" content=\"index, follow, max-snippet:-1, max-image-preview:large, max-video-preview:-1\" \/>\n<link rel=\"canonical\" href=\"https:\/\/art-of-presence.ch\/fr\/temoignages-divers\/\" \/>\n<meta property=\"og:locale\" content=\"fr_FR\" \/>\n<meta property=\"og:type\" content=\"article\" \/>\n<meta property=\"og:title\" content=\"Ils en ont dit - Art of Presence\" \/>\n<meta property=\"og:description\" content=\"En lien aux ateliers \u00c9veil Cr\u00e9ateur (an. Odyss\u00e9e de Soi) \u00ab\u00a0Jo\u00eblle nous apporte plein d&rsquo;\u00e9l\u00e9ments, de techniques pr\u00e9cieuses pour d\u00e9velopper notre intuition et d\u00e9passer nos limitations. Je me sens plus grand, plus large, \u00e0 la fin du stage et plus confiant afin de r\u00e9aliser mes beaux projets. Je vous le recommande vivement.\u00a0\u00bb Philippe Dupont, f\u00e9vrier [&hellip;]\" \/>\n<meta property=\"og:url\" content=\"https:\/\/art-of-presence.ch\/fr\/temoignages-divers\/\" \/>\n<meta property=\"og:site_name\" content=\"Art of Presence\" \/>\n<meta property=\"article:published_time\" content=\"2018-09-18T13:45:23+00:00\" \/>\n<meta property=\"article:modified_time\" content=\"2020-02-13T14:30:44+00:00\" \/>\n<meta name=\"author\" content=\"Joelle Stoudmann\" \/>\n<meta name=\"twitter:card\" content=\"summary_large_image\" \/>\n<meta name=\"twitter:label1\" content=\"\u00c9crit par\" \/>\n\t<meta name=\"twitter:data1\" content=\"Joelle Stoudmann\" \/>\n\t<meta name=\"twitter:label2\" content=\"Dur\u00e9e de lecture estim\u00e9e\" \/>\n\t<meta name=\"twitter:data2\" content=\"4 minutes\" \/>\n<script type=\"application\/ld+json\" class=\"yoast-schema-graph\">{\"@context\":\"https:\\\/\\\/schema.org\",\"@graph\":[{\"@type\":\"Article\",\"@id\":\"https:\\\/\\\/art-of-presence.ch\\\/fr\\\/temoignages-divers\\\/#article\",\"isPartOf\":{\"@id\":\"https:\\\/\\\/art-of-presence.ch\\\/fr\\\/temoignages-divers\\\/\"},\"author\":{\"name\":\"Joelle Stoudmann\",\"@id\":\"https:\\\/\\\/art-of-presence.ch\\\/fr\\\/#\\\/schema\\\/person\\\/a681e027537407f81697e0b18b4640de\"},\"headline\":\"Ils en ont dit\",\"datePublished\":\"2018-09-18T13:45:23+00:00\",\"dateModified\":\"2020-02-13T14:30:44+00:00\",\"mainEntityOfPage\":{\"@id\":\"https:\\\/\\\/art-of-presence.ch\\\/fr\\\/temoignages-divers\\\/\"},\"wordCount\":789,\"commentCount\":1,\"keywords\":[\"accompagner\",\"apaisement\",\"Brandon Bays\",\"cancer\",\"confiance\",\"contact avec mon moi profond\",\"histoires anciennes\",\"l\u00e2cher-prise\",\"Le Voyage de Gu\u00e9rison\",\"m\u00e9thode tr\u00e8s efficace\",\"nettoyer\",\"pacifier mes relations\",\"p\u00e9riode d\u00e9licate\",\"p\u00e9riode difficile\",\"professionalisme\",\"r\u00e9cidive\",\"relations avec mon entourage\",\"sens de l'\u00e9coute\",\"tact\",\"The Journey\"],\"articleSection\":[\"T\u00e9moignages\"],\"inLanguage\":\"fr-FR\",\"potentialAction\":[{\"@type\":\"CommentAction\",\"name\":\"Comment\",\"target\":[\"https:\\\/\\\/art-of-presence.ch\\\/fr\\\/temoignages-divers\\\/#respond\"]}]},{\"@type\":\"WebPage\",\"@id\":\"https:\\\/\\\/art-of-presence.ch\\\/fr\\\/temoignages-divers\\\/\",\"url\":\"https:\\\/\\\/art-of-presence.ch\\\/fr\\\/temoignages-divers\\\/\",\"name\":\"Ils en ont dit - Art of Presence\",\"isPartOf\":{\"@id\":\"https:\\\/\\\/art-of-presence.ch\\\/fr\\\/#website\"},\"datePublished\":\"2018-09-18T13:45:23+00:00\",\"dateModified\":\"2020-02-13T14:30:44+00:00\",\"author\":{\"@id\":\"https:\\\/\\\/art-of-presence.ch\\\/fr\\\/#\\\/schema\\\/person\\\/a681e027537407f81697e0b18b4640de\"},\"breadcrumb\":{\"@id\":\"https:\\\/\\\/art-of-presence.ch\\\/fr\\\/temoignages-divers\\\/#breadcrumb\"},\"inLanguage\":\"fr-FR\",\"potentialAction\":[{\"@type\":\"ReadAction\",\"target\":[\"https:\\\/\\\/art-of-presence.ch\\\/fr\\\/temoignages-divers\\\/\"]}]},{\"@type\":\"BreadcrumbList\",\"@id\":\"https:\\\/\\\/art-of-presence.ch\\\/fr\\\/temoignages-divers\\\/#breadcrumb\",\"itemListElement\":[{\"@type\":\"ListItem\",\"position\":1,\"name\":\"Accueil\",\"item\":\"https:\\\/\\\/art-of-presence.ch\\\/fr\\\/\"},{\"@type\":\"ListItem\",\"position\":2,\"name\":\"Ils en ont dit\"}]},{\"@type\":\"WebSite\",\"@id\":\"https:\\\/\\\/art-of-presence.ch\\\/fr\\\/#website\",\"url\":\"https:\\\/\\\/art-of-presence.ch\\\/fr\\\/\",\"name\":\"Art of Presence\",\"description\":\"Un chemin vers Soi\",\"potentialAction\":[{\"@type\":\"SearchAction\",\"target\":{\"@type\":\"EntryPoint\",\"urlTemplate\":\"https:\\\/\\\/art-of-presence.ch\\\/fr\\\/?s={search_term_string}\"},\"query-input\":{\"@type\":\"PropertyValueSpecification\",\"valueRequired\":true,\"valueName\":\"search_term_string\"}}],\"inLanguage\":\"fr-FR\"},{\"@type\":\"Person\",\"@id\":\"https:\\\/\\\/art-of-presence.ch\\\/fr\\\/#\\\/schema\\\/person\\\/a681e027537407f81697e0b18b4640de\",\"name\":\"Joelle Stoudmann\",\"image\":{\"@type\":\"ImageObject\",\"inLanguage\":\"fr-FR\",\"@id\":\"https:\\\/\\\/secure.gravatar.com\\\/avatar\\\/35f3a94d3de7fc53062e7f7cce38f1a07ce5287935f99003ab68b7a80f1568c3?s=96&d=mm&r=g\",\"url\":\"https:\\\/\\\/secure.gravatar.com\\\/avatar\\\/35f3a94d3de7fc53062e7f7cce38f1a07ce5287935f99003ab68b7a80f1568c3?s=96&d=mm&r=g\",\"contentUrl\":\"https:\\\/\\\/secure.gravatar.com\\\/avatar\\\/35f3a94d3de7fc53062e7f7cce38f1a07ce5287935f99003ab68b7a80f1568c3?s=96&d=mm&r=g\",\"caption\":\"Joelle Stoudmann\"},\"sameAs\":[\"https:\\\/\\\/art-of-presence.ch\\\/\"],\"url\":\"https:\\\/\\\/art-of-presence.ch\\\/fr\\\/author\\\/joelle_fr3\\\/\"}]}<\/script>\n<!-- \/ Yoast SEO plugin. -->","yoast_head_json":{"title":"Ils en ont dit - Art of Presence","robots":{"index":"index","follow":"follow","max-snippet":"max-snippet:-1","max-image-preview":"max-image-preview:large","max-video-preview":"max-video-preview:-1"},"canonical":"https:\/\/art-of-presence.ch\/fr\/temoignages-divers\/","og_locale":"fr_FR","og_type":"article","og_title":"Ils en ont dit - Art of Presence","og_description":"En lien aux ateliers \u00c9veil Cr\u00e9ateur (an. Odyss\u00e9e de Soi) \u00ab\u00a0Jo\u00eblle nous apporte plein d&rsquo;\u00e9l\u00e9ments, de techniques pr\u00e9cieuses pour d\u00e9velopper notre intuition et d\u00e9passer nos limitations. Je me sens plus grand, plus large, \u00e0 la fin du stage et plus confiant afin de r\u00e9aliser mes beaux projets. Je vous le recommande vivement.\u00a0\u00bb Philippe Dupont, f\u00e9vrier [&hellip;]","og_url":"https:\/\/art-of-presence.ch\/fr\/temoignages-divers\/","og_site_name":"Art of Presence","article_published_time":"2018-09-18T13:45:23+00:00","article_modified_time":"2020-02-13T14:30:44+00:00","author":"Joelle Stoudmann","twitter_card":"summary_large_image","twitter_misc":{"\u00c9crit par":"Joelle Stoudmann","Dur\u00e9e de lecture estim\u00e9e":"4 minutes"},"schema":{"@context":"https:\/\/schema.org","@graph":[{"@type":"Article","@id":"https:\/\/art-of-presence.ch\/fr\/temoignages-divers\/#article","isPartOf":{"@id":"https:\/\/art-of-presence.ch\/fr\/temoignages-divers\/"},"author":{"name":"Joelle Stoudmann","@id":"https:\/\/art-of-presence.ch\/fr\/#\/schema\/person\/a681e027537407f81697e0b18b4640de"},"headline":"Ils en ont dit","datePublished":"2018-09-18T13:45:23+00:00","dateModified":"2020-02-13T14:30:44+00:00","mainEntityOfPage":{"@id":"https:\/\/art-of-presence.ch\/fr\/temoignages-divers\/"},"wordCount":789,"commentCount":1,"keywords":["accompagner","apaisement","Brandon Bays","cancer","confiance","contact avec mon moi profond","histoires anciennes","l\u00e2cher-prise","Le Voyage de Gu\u00e9rison","m\u00e9thode tr\u00e8s efficace","nettoyer","pacifier mes relations","p\u00e9riode d\u00e9licate","p\u00e9riode difficile","professionalisme","r\u00e9cidive","relations avec mon entourage","sens de l'\u00e9coute","tact","The Journey"],"articleSection":["T\u00e9moignages"],"inLanguage":"fr-FR","potentialAction":[{"@type":"CommentAction","name":"Comment","target":["https:\/\/art-of-presence.ch\/fr\/temoignages-divers\/#respond"]}]},{"@type":"WebPage","@id":"https:\/\/art-of-presence.ch\/fr\/temoignages-divers\/","url":"https:\/\/art-of-presence.ch\/fr\/temoignages-divers\/","name":"Ils en ont dit - Art of Presence","isPartOf":{"@id":"https:\/\/art-of-presence.ch\/fr\/#website"},"datePublished":"2018-09-18T13:45:23+00:00","dateModified":"2020-02-13T14:30:44+00:00","author":{"@id":"https:\/\/art-of-presence.ch\/fr\/#\/schema\/person\/a681e027537407f81697e0b18b4640de"},"breadcrumb":{"@id":"https:\/\/art-of-presence.ch\/fr\/temoignages-divers\/#breadcrumb"},"inLanguage":"fr-FR","potentialAction":[{"@type":"ReadAction","target":["https:\/\/art-of-presence.ch\/fr\/temoignages-divers\/"]}]},{"@type":"BreadcrumbList","@id":"https:\/\/art-of-presence.ch\/fr\/temoignages-divers\/#breadcrumb","itemListElement":[{"@type":"ListItem","position":1,"name":"Accueil","item":"https:\/\/art-of-presence.ch\/fr\/"},{"@type":"ListItem","position":2,"name":"Ils en ont dit"}]},{"@type":"WebSite","@id":"https:\/\/art-of-presence.ch\/fr\/#website","url":"https:\/\/art-of-presence.ch\/fr\/","name":"Art of Presence","description":"Un chemin vers Soi","potentialAction":[{"@type":"SearchAction","target":{"@type":"EntryPoint","urlTemplate":"https:\/\/art-of-presence.ch\/fr\/?s={search_term_string}"},"query-input":{"@type":"PropertyValueSpecification","valueRequired":true,"valueName":"search_term_string"}}],"inLanguage":"fr-FR"},{"@type":"Person","@id":"https:\/\/art-of-presence.ch\/fr\/#\/schema\/person\/a681e027537407f81697e0b18b4640de","name":"Joelle Stoudmann","image":{"@type":"ImageObject","inLanguage":"fr-FR","@id":"https:\/\/secure.gravatar.com\/avatar\/35f3a94d3de7fc53062e7f7cce38f1a07ce5287935f99003ab68b7a80f1568c3?s=96&d=mm&r=g","url":"https:\/\/secure.gravatar.com\/avatar\/35f3a94d3de7fc53062e7f7cce38f1a07ce5287935f99003ab68b7a80f1568c3?s=96&d=mm&r=g","contentUrl":"https:\/\/secure.gravatar.com\/avatar\/35f3a94d3de7fc53062e7f7cce38f1a07ce5287935f99003ab68b7a80f1568c3?s=96&d=mm&r=g","caption":"Joelle Stoudmann"},"sameAs":["https:\/\/art-of-presence.ch\/"],"url":"https:\/\/art-of-presence.ch\/fr\/author\/joelle_fr3\/"}]}},"_links":{"self":[{"href":"https:\/\/art-of-presence.ch\/fr\/wp-json\/wp\/v2\/posts\/1068","targetHints":{"allow":["GET"]}}],"collection":[{"href":"https:\/\/art-of-presence.ch\/fr\/wp-json\/wp\/v2\/posts"}],"about":[{"href":"https:\/\/art-of-presence.ch\/fr\/wp-json\/wp\/v2\/types\/post"}],"author":[{"embeddable":true,"href":"https:\/\/art-of-presence.ch\/fr\/wp-json\/wp\/v2\/users\/4"}],"replies":[{"embeddable":true,"href":"https:\/\/art-of-presence.ch\/fr\/wp-json\/wp\/v2\/comments?post=1068"}],"version-history":[{"count":10,"href":"https:\/\/art-of-presence.ch\/fr\/wp-json\/wp\/v2\/posts\/1068\/revisions"}],"predecessor-version":[{"id":2138,"href":"https:\/\/art-of-presence.ch\/fr\/wp-json\/wp\/v2\/posts\/1068\/revisions\/2138"}],"wp:attachment":[{"href":"https:\/\/art-of-presence.ch\/fr\/wp-json\/wp\/v2\/media?parent=1068"}],"wp:term":[{"taxonomy":"category","embeddable":true,"href":"https:\/\/art-of-presence.ch\/fr\/wp-json\/wp\/v2\/categories?post=1068"},{"taxonomy":"post_tag","embeddable":true,"href":"https:\/\/art-of-presence.ch\/fr\/wp-json\/wp\/v2\/tags?post=1068"}],"curies":[{"name":"wp","href":"https:\/\/api.w.org\/{rel}","templated":true}]}}